{"id":205,"date":"2021-03-27T22:57:59","date_gmt":"2021-03-27T21:57:59","guid":{"rendered":"http:\/\/www.revue-salariat.fr\/?p=205"},"modified":"2021-03-31T21:36:18","modified_gmt":"2021-03-31T19:36:18","slug":"reforme-de-lassurance-chomage-saison-2-decryptages","status":"publish","type":"post","link":"https:\/\/www.revue-salariat.fr\/index.php\/2021\/03\/27\/reforme-de-lassurance-chomage-saison-2-decryptages\/","title":{"rendered":"R\u00e9forme de l\u2019assurance ch\u00f4mage (Saison 2) \u2013 D\u00e9cryptages"},"content":{"rendered":"<hr class=\"wp-block-separator\" \/><!-- \/wp:post-content -->\r\n\r\n<!-- wp:heading {\"level\":3} -->\r\n<h3>Par Mathieu Gr\u00e9goire<\/h3>\r\n<!-- \/wp:heading -->\r\n\r\n<!-- wp:spacer {\"height\":67} -->\r\n<div class=\"wp-block-spacer\" aria-hidden=\"true\"><em>maj: 31 mars 2021 apr\u00e8s parution du d\u00e9cret au JO<\/em><\/div>\r\n<div aria-hidden=\"true\">\u00a0<\/div>\r\n<p style=\"text-align: justify;\">Apr\u00e8s une premi\u00e8re annulation par le Conseil d\u2019\u00c9tat, en d\u00e9cembre 2020, le gouvernement a d\u00e9cid\u00e9 de relancer sa r\u00e9forme de l\u2019assurance ch\u00f4mage en publiant le 31 mars un d\u00e9cret pour application au 1<sup>er<\/sup> juillet 2021.<\/p>\r\n<p style=\"text-align: justify;\">Cette r\u00e9forme n\u2019a pas manqu\u00e9 de susciter des critiques sur ce qui semble faire sa coh\u00e9rence\u00a0: une attaque contre les droits des salari\u00e9s les plus pr\u00e9caires au nom de la lutte contre la pr\u00e9carit\u00e9. Une analyse d\u00e9taill\u00e9e de ses m\u00e9canismes r\u00e9v\u00e8le une autre de ses caract\u00e9ristiques\u00a0: cette r\u00e9forme appara\u00eet, \u00e0 bien des \u00e9gards, mal ma\u00eetris\u00e9e dans la mesure o\u00f9 elle g\u00e9n\u00e8re des incoh\u00e9rences et des situations aberrantes. La r\u00e9forme modifie profond\u00e9ment les modalit\u00e9s de d\u00e9termination du salaire journalier de r\u00e9f\u00e9rence (SJR) qui constitue la colonne vert\u00e9brale de l\u2019ensemble du dispositif d\u2019indemnisation. Ce SJR, qui sert notamment \u00e0 calculer le montant de l\u2019indemnit\u00e9 journali\u00e8re, a aussi d\u2019autres fonctions dans l\u2019architecture globale de l\u2019indemnisation. Le transformer d\u00e9stabilise ainsi l\u2019ensemble du dispositif et g\u00e9n\u00e8re des situations qui sont aberrantes au regard des objectifs affich\u00e9s par cette r\u00e9forme, mais aussi au regard de la mission m\u00eame de l\u2019assurance ch\u00f4mage, voire de la plus \u00e9l\u00e9mentaire logique \u00e9conomique.<\/p>\r\n<p style=\"text-align: justify;\">C\u2019est sur la base d\u2019une de ces incoh\u00e9rences, la plus manifeste, que le Conseil d\u2019\u00c9tat a annul\u00e9 la premi\u00e8re version de la r\u00e9forme : le salaire journalier de r\u00e9f\u00e9rence pouvait \u00ab pour un m\u00eame nombre d\u2019heures de travail, varier du simple au quadruple en fonction de la r\u00e9partition des p\u00e9riodes d\u2019emploi \u00bb. Il pouvait par cons\u00e9quent en r\u00e9sulter \u00ab une diff\u00e9rence de traitement manifestement disproportionn\u00e9e au regard du motif d\u2019int\u00e9r\u00eat g\u00e9n\u00e9ral poursuivi \u00bb. Le d\u00e9cret de mars 2021 ajoute un simple m\u00e9canisme de plancher au calcul du salaire journalier de r\u00e9f\u00e9rence afin d\u2019\u00e9viter qu\u2019il puisse varier du \u00ab simple au quadruple \u00bb.<\/p>\r\n<p style=\"text-align: justify;\">Cela suffit-il \u00e0 gommer ces incoh\u00e9rences et aberrations\u00a0? Cela en cr\u00e9e-t-il de nouvelles\u00a0?<\/p>\r\n<p style=\"text-align: justify;\">Dans une s\u00e9rie de billets publi\u00e9s dans le <a href=\"http:\/\/www.revue-salariat.fr\/index.php\/carnet-de-recherche\/\">Carnet de la revue <em>Salariat<\/em><\/a>, nous explorons ces questions en nous appuyant sur un simulateur de droits construit dans le cadre d<a href=\"http:\/\/www.ires.fr\/index.php\/etudes-recherches-ouvrages\/etudes-des-organisations-syndicales\/item\/6177-quelle-evolution-des-droits-a-l-assurance-chomage-1979-2020\">\u2019une recherche sur l\u2019\u00e9volution des droits \u00e0 indemnisation depuis 1979<\/a> et mis \u00e0 jour en prenant en compte les dispositions pr\u00e9vues dans le projet de d\u00e9cret transmis le 16 mars 2021. Nous montrons la multiplicit\u00e9 et l\u2019importance des incoh\u00e9rences et des \u00ab malfa\u00e7ons \u00bb, qui demeurent malgr\u00e9 la correction \u00e0 la marge propos\u00e9e par le gouvernement et parfois \u00e0 cause de ces corrections. M\u00eame si elles ont toutes la m\u00eame origine \u2013 la r\u00e9forme du salaire journalier de r\u00e9f\u00e9rence et de la dur\u00e9e d\u2019indemnisation \u2013 ces incoh\u00e9rences sont de plusieurs natures :<\/p>\r\n<ul>\r\n<li style=\"text-align: justify;\">des contradictions entre les justifications avanc\u00e9es et les m\u00e9canismes mis en place,<\/li>\r\n<li style=\"text-align: justify;\">des contradictions entre la vocation m\u00eame de l\u2019assurance ch\u00f4mage et les dispositions pr\u00e9vues<\/li>\r\n<li style=\"text-align: justify;\">des discriminations (en traitant de fa\u00e7on diff\u00e9rente des salari\u00e9s sur la base de crit\u00e8res ill\u00e9gitimes)<\/li>\r\n<li style=\"text-align: justify;\">des atteintes au principe d\u2019\u00e9galit\u00e9 (en traitant de fa\u00e7on diff\u00e9rente des salari\u00e9s aux caract\u00e9ristiques et parcours identiques).<\/li>\r\n<\/ul>","protected":false},"excerpt":{"rendered":"<p>Par Mathieu Gr\u00e9goire maj: 31 mars 2021 apr\u00e8s parution du d\u00e9cret au JO \u00a0 Apr\u00e8s une premi\u00e8re annulation par le Conseil d\u2019\u00c9tat, en d\u00e9cembre 2020, le gouvernement a d\u00e9cid\u00e9 de relancer sa r\u00e9forme de l\u2019assurance ch\u00f4mage en publiant le 31 mars un d\u00e9cret pour application au 1er juillet 2021. Cette r\u00e9forme n\u2019a pas manqu\u00e9 de &hellip; <\/p>\n<p class=\"link-more\"><a href=\"https:\/\/www.revue-salariat.fr\/index.php\/2021\/03\/27\/reforme-de-lassurance-chomage-saison-2-decryptages\/\" class=\"more-link\">Continuer la lecture<span class=\"screen-reader-text\"> de &laquo;&nbsp;R\u00e9forme de l\u2019assurance ch\u00f4mage (Saison 2) \u2013 D\u00e9cryptages&nbsp;&raquo;<\/span><\/a><\/p>\n","protected":false},"author":1,"featured_media":0,"comment_status":"closed","ping_status":"closed","sticky":false,"template":"","format":"standard","meta":{"footnotes":""},"categories":[13],"tags":[],"class_list":["post-205","post","type-post","status-publish","format-standard","hentry","category-carnets"],"_links":{"self":[{"href":"https:\/\/www.revue-salariat.fr\/index.php\/wp-json\/wp\/v2\/posts\/205","targetHints":{"allow":["GET"]}}],"collection":[{"href":"https:\/\/www.revue-salariat.fr\/index.php\/wp-json\/wp\/v2\/posts"}],"about":[{"href":"https:\/\/www.revue-salariat.fr\/index.php\/wp-json\/wp\/v2\/types\/post"}],"author":[{"embeddable":true,"href":"https:\/\/www.revue-salariat.fr\/index.php\/wp-json\/wp\/v2\/users\/1"}],"replies":[{"embeddable":true,"href":"https:\/\/www.revue-salariat.fr\/index.php\/wp-json\/wp\/v2\/comments?post=205"}],"version-history":[{"count":10,"href":"https:\/\/www.revue-salariat.fr\/index.php\/wp-json\/wp\/v2\/posts\/205\/revisions"}],"predecessor-version":[{"id":395,"href":"https:\/\/www.revue-salariat.fr\/index.php\/wp-json\/wp\/v2\/posts\/205\/revisions\/395"}],"wp:attachment":[{"href":"https:\/\/www.revue-salariat.fr\/index.php\/wp-json\/wp\/v2\/media?parent=205"}],"wp:term":[{"taxonomy":"category","embeddable":true,"href":"https:\/\/www.revue-salariat.fr\/index.php\/wp-json\/wp\/v2\/categories?post=205"},{"taxonomy":"post_tag","embeddable":true,"href":"https:\/\/www.revue-salariat.fr\/index.php\/wp-json\/wp\/v2\/tags?post=205"}],"curies":[{"name":"wp","href":"https:\/\/api.w.org\/{rel}","templated":true}]}}